{"id":66,"date":"2025-12-02T18:11:21","date_gmt":"2025-12-02T18:11:21","guid":{"rendered":"https:\/\/libertadcreadora.org\/blog\/?p=66"},"modified":"2025-12-07T20:46:43","modified_gmt":"2025-12-07T20:46:43","slug":"la-virtud-de-la-tolerancia","status":"publish","type":"post","link":"https:\/\/libertadcreadora.org\/blog\/la-virtud-de-la-tolerancia\/","title":{"rendered":"La Virtud de la Tolerancia"},"content":{"rendered":"\n<hr class=\"wp-block-separator has-alpha-channel-opacity\"\/>\n\n\n\n<h2 class=\"wp-block-heading\"><em>Para los fil\u00f3sofos griegos, la Virtud fu\u00e9 conceptualizada como: \u201cEl conjunto de cualidades contribuyentes para lograr la Eudaimonia (felicidad \/ buen vivir), que pod\u00edan aprenderse y mejorarse con la pr\u00e1ctica, para posteriormente transmitirse entre personas\u201d.<\/em><\/h2>\n\n\n\n<hr class=\"wp-block-separator has-alpha-channel-opacity\"\/>\n\n\n\n<!--more-->\n\n\n\n<p id=\"233b\">Seg\u00fan S\u00f3crates la virtud es \u201c<strong><em>aquello que nos ayuda a conseguir el bien mediante la filosof\u00eda y el racionamiento<\/em>\u201d<\/strong>. Por su parte, Plat\u00f3n desarroll\u00f3 un escenario en que&nbsp;<strong><em>el ser humano dispone de tres poderosas herramientas: el intelecto, la voluntad y la emoci\u00f3n. Para cada una de estas existe una virtud: la sabidur\u00eda, la valent\u00eda y el autocontrol<\/em><\/strong>. Arist\u00f3teles, en cambio exhibe a la virtud como:&nbsp;<strong>\u201c<em>la fuente de las mejores acciones y pasiones del alma<\/em>\u201d<\/strong>, estableci\u00e9ndolo como un actuar habitual que deber\u00e1 ser practicado para perfeccionar el actuar humano.<\/p>\n\n\n\n<p id=\"b102\">Para la Masoner\u00eda, la&nbsp;<strong>Tolerancia es una Virtud<\/strong>, puesto que su acci\u00f3n se desarrolla en el&nbsp;<em>respeto a las personas por el derecho intr\u00ednseco de expresar sus opiniones en cualquier materia<\/em>; posibilitando el di\u00e1logo, el pluralismo y la coexistencia de conceptos dis\u00edmiles, constituy\u00e9ndose una condici\u00f3n indispensable para la convivencia de los seres humanos en Democracia y la Libertad.<\/p>\n\n\n\n<p id=\"d7ed\">La Masoner\u00eda entiende el ejercicio de la Igualdad como un pilar de la Orden, para ello promulga la ausencia de privilegios, y de toda distinci\u00f3n de castas y clases, entendiendo que<strong><em>&nbsp;la tolerancia es la base que permite comprender al otro y su cultura, sin ning\u00fan sesgo<\/em><\/strong>; logrando de esta forma la elevaci\u00f3n de la comprensi\u00f3n com\u00fan muy por encima de lo que cada uno, de manera individual, podr\u00eda aspirar.<\/p>\n\n\n\n<p>En 1995, los pa\u00edses miembros de la Organizaci\u00f3n de las Naciones Unidas para la Educaci\u00f3n, la Ciencia y la Cultura (UNESCO) adoptaron la&nbsp;<strong>Declaraci\u00f3n de Principios sobre la Tolerancia<\/strong>, esta afirma, entre otras cosas, que la tolerancia no es indulgencia o indiferencia, sino que es el respeto y el saber apreciar la riqueza y variedad de las culturas del mundo y las distintas formas de expresi\u00f3n de los seres humanos. La Tolerancia&nbsp;<strong>reconoce&nbsp;<\/strong>los derechos humanos Universales y las libertades fundamentales de los otros y se&nbsp;<strong>percibe<\/strong>&nbsp;no solo como un deber moral sino como un requerimiento pol\u00edtico y legal para los individuos, los grupos y los estados;&nbsp;<strong>situ\u00e1ndose<\/strong>&nbsp;en el marco del derecho internacional sobre derechos humanos elaborados en los \u00faltimos cincuenta a\u00f1os y&nbsp;<strong>pide<\/strong>&nbsp;a los estados que legislen para proteger la igualdad de oportunidades de todos los grupos e individuos de la sociedad.<\/p>\n\n\n<div class=\"wp-block-image\">\n<figure class=\"aligncenter size-large\"><a href=\"https:\/\/libertadcreadora.org\/blog\/wp-content\/uploads\/2025\/12\/image-6.png\"><img loading=\"lazy\" decoding=\"async\" width=\"1024\" height=\"576\" src=\"https:\/\/libertadcreadora.org\/blog\/wp-content\/uploads\/2025\/12\/image-6-1024x576.png\" alt=\"\" class=\"wp-image-67\" srcset=\"https:\/\/libertadcreadora.org\/blog\/wp-content\/uploads\/2025\/12\/image-6-1024x576.png 1024w, https:\/\/libertadcreadora.org\/blog\/wp-content\/uploads\/2025\/12\/image-6-300x169.png 300w, https:\/\/libertadcreadora.org\/blog\/wp-content\/uploads\/2025\/12\/image-6-768x432.png 768w, https:\/\/libertadcreadora.org\/blog\/wp-content\/uploads\/2025\/12\/image-6.png 1200w\" sizes=\"auto, (max-width: 1024px) 100vw, 1024px\" \/><\/a><figcaption class=\"wp-element-caption\"><em>El 16 de noviembre de 1995 en la Conferencia General de la UNESCO, se aprob\u00f3 la Declaraci\u00f3n de Principios B\u00e1sicos para la Tolerancia.<\/em><\/figcaption><\/figure>\n<\/div>\n\n\n<p>La injusticia, la violencia, la discriminaci\u00f3n y la marginalizaci\u00f3n son formas comunes de intolerancia, y l<strong>a educaci\u00f3n<\/strong>&nbsp;es un elemento clave para luchar contra estas formas de exclusi\u00f3n y ayudar a los j\u00f3venes a desarrollar una&nbsp;<strong>actitud independiente y un comportamiento \u00e9tico<\/strong>.<\/p>\n\n\n\n<figure class=\"wp-block-pullquote\"><blockquote><p>Art\u00edculo 6 \u2014 D\u00eda Internacional para la Tolerancia<br>\u201cA fin de hacer un llamamiento a la opini\u00f3n p\u00fablica, poner de relieve los peligros de la intolerancia y reafirmar nuestro apoyo y acci\u00f3n en pro del fomento de la tolerancia y de la educaci\u00f3n en favor de \u00e9sta, proclamamos solemnemente D\u00eda Internacional para la Tolerancia el d\u00eda 16 de noviembre de cada a\u00f1o.\u201d<br><\/p><cite>Declaraci\u00f3n de los Principios de la Tolerancia UNESCO<\/cite><\/blockquote><\/figure>\n\n\n\n<p id=\"fceb\"><strong>La tolerancia no s\u00f3lo es una cuesti\u00f3n de derechos sino tambi\u00e9n de responsabilidade<\/strong>s: obligaciones morales asumidas por los ciudadanos y los Estados; de garantizar la coexistencia pac\u00edfica en sociedades integradas y entre ellas. Supone acci\u00f3n por parte de los Estados en cuanto a los derechos humanos y acci\u00f3n de los individuos como agentes morales en un medio pluralista.<\/p>\n\n\n\n<p id=\"7845\">La Tolerancia tambi\u00e9n es patrimonio de la Organizaci\u00f3n de Naciones Unidas, la&nbsp;<strong><em>Declaraci\u00f3n Universal de los Derechos Humanos<\/em><\/strong><em>&nbsp;<\/em>(DUDH), elaborada por representantes de todas las regiones del mundo con diferentes antecedentes jur\u00eddicos y culturales como un ideal com\u00fan para todos los pueblos y naciones, estableci\u00f3 por primera vez los&nbsp;<strong><em>derechos humanos fundamentales que deben protegerse en el mundo entero<\/em><\/strong>, siendo ampliamente reconocida por haber inspirado y allanado el camino para la adopci\u00f3n de m\u00e1s de setenta tratados de derechos humanos que se aplican hoy en d\u00eda de manera permanente a nivel mundial y regional.<\/p>\n\n\n<div class=\"wp-block-image\">\n<figure class=\"aligncenter size-large\"><a href=\"https:\/\/libertadcreadora.org\/blog\/wp-content\/uploads\/2025\/12\/image-7.png\"><img loading=\"lazy\" decoding=\"async\" width=\"597\" height=\"1024\" src=\"https:\/\/libertadcreadora.org\/blog\/wp-content\/uploads\/2025\/12\/image-7-597x1024.png\" alt=\"\" class=\"wp-image-68\"\/><\/a><figcaption class=\"wp-element-caption\"><em>Clementia \u2014 Diosa Romana del perd\u00f3n, la compasi\u00f3n, la tolerancia y la misericordia.\u200b<\/em><\/figcaption><\/figure>\n<\/div>\n\n\n<p id=\"16b2\">El respeto a la diversidad es una habilidad profundamente interpersonal, y se puede definir como&nbsp;<strong><em>el entendimiento de que las personas participan paritariamente en un mundo \u00e9tico com\u00fan, en virtud de su condici\u00f3n humana, al tiempo que se reconoce la singularidad y diferencias de cada individuo<\/em><\/strong>. Los comit\u00e9s nacionales de UNICEF se han encargado de difundir este importante mensaje que es fundamental para la futura paz mundial.<\/p>\n\n\n\n<blockquote class=\"wp-block-quote is-layout-flow wp-block-quote-is-layout-flow\">\n<p id=\"5f01\"><strong><em>\u201cLa gente es naturalmente diversa, solo la tolerancia puede asegurar la supervivencia de las comunidades mixtas en cada regi\u00f3n del mundo.<\/em><\/strong>\u201d (Naciones Unidas \u2014 Guatemala)<\/p>\n<\/blockquote>\n\n\n\n<p><br><a href=\"https:\/\/libertadcreadora.medium.com\/?source=post_page---byline--ca5f2cb3ebf3---------------------------------------\"><\/a><\/p>\n\n\n\n<pre class=\"wp-block-verse\"><em><em>En el Oriente de La Plata, Buenos Aires, Argentina<\/em>.<\/em><\/pre>\n\n\n\n<p><\/p>\n","protected":false},"excerpt":{"rendered":"<p>Para los fil\u00f3sofos griegos, la Virtud fu\u00e9 conceptualizada como: \u201cEl conjunto de cualidades contribuyentes para lograr la Eudaimonia (felicidad \/ buen vivir), que pod\u00edan aprenderse y mejorarse con la pr\u00e1ctica, [&hellip;]<\/p>\n","protected":false},"author":2,"featured_media":67,"comment_status":"closed","ping_status":"closed","sticky":false,"template":"","format":"standard","meta":{"footnotes":""},"categories":[4,5],"tags":[],"class_list":["post-66","post","type-post","status-publish","format-standard","has-post-thumbnail","hentry","category-filosofia","category-iniciatico"],"_links":{"self":[{"href":"https:\/\/libertadcreadora.org\/blog\/wp-json\/wp\/v2\/posts\/66","targetHints":{"allow":["GET"]}}],"collection":[{"href":"https:\/\/libertadcreadora.org\/blog\/wp-json\/wp\/v2\/posts"}],"about":[{"href":"https:\/\/libertadcreadora.org\/blog\/wp-json\/wp\/v2\/types\/post"}],"author":[{"embeddable":true,"href":"https:\/\/libertadcreadora.org\/blog\/wp-json\/wp\/v2\/users\/2"}],"replies":[{"embeddable":true,"href":"https:\/\/libertadcreadora.org\/blog\/wp-json\/wp\/v2\/comments?post=66"}],"version-history":[{"count":8,"href":"https:\/\/libertadcreadora.org\/blog\/wp-json\/wp\/v2\/posts\/66\/revisions"}],"predecessor-version":[{"id":167,"href":"https:\/\/libertadcreadora.org\/blog\/wp-json\/wp\/v2\/posts\/66\/revisions\/167"}],"wp:featuredmedia":[{"embeddable":true,"href":"https:\/\/libertadcreadora.org\/blog\/wp-json\/wp\/v2\/media\/67"}],"wp:attachment":[{"href":"https:\/\/libertadcreadora.org\/blog\/wp-json\/wp\/v2\/media?parent=66"}],"wp:term":[{"taxonomy":"category","embeddable":true,"href":"https:\/\/libertadcreadora.org\/blog\/wp-json\/wp\/v2\/categories?post=66"},{"taxonomy":"post_tag","embeddable":true,"href":"https:\/\/libertadcreadora.org\/blog\/wp-json\/wp\/v2\/tags?post=66"}],"curies":[{"name":"wp","href":"https:\/\/api.w.org\/{rel}","templated":true}]}}