{"id":306,"date":"2026-04-22T10:00:00","date_gmt":"2026-04-22T10:00:00","guid":{"rendered":"https:\/\/libertadcreadora.org\/blog\/?p=306"},"modified":"2026-04-22T13:24:29","modified_gmt":"2026-04-22T13:24:29","slug":"immanuel-kant-razon-deber-y-la-arquitectura-de-la-moral","status":"publish","type":"post","link":"https:\/\/libertadcreadora.org\/blog\/immanuel-kant-razon-deber-y-la-arquitectura-de-la-moral\/","title":{"rendered":"Immanuel Kant: Raz\u00f3n, Deber y la Arquitectura de la Moral"},"content":{"rendered":"\n<hr class=\"wp-block-separator has-alpha-channel-opacity\"\/>\n\n\n\n<h3 class=\"wp-block-heading\">El fil\u00f3sofo alem\u00e1n\u00a0Immanuel Kant\u00a0naci\u00f3 el 22 de abril de 1724 en\u00a0K\u00f6nigsberg, entonces parte de Prusia Oriental (hoy\u00a0Kaliningrado). Su vida transcurri\u00f3 casi \u00edntegramente en esa ciudad, en un marco de disciplina intelectual y regularidad casi legendarias.<\/h3>\n\n\n\n<hr class=\"wp-block-separator has-alpha-channel-opacity\"\/>\n\n\n\n<p>A los 16 a\u00f1os ingres\u00f3 a la&nbsp;Universidad Albertina de K\u00f6nigsberg, donde estudi\u00f3 filosof\u00eda, matem\u00e1ticas y ciencias naturales. La muerte de su padre interrumpi\u00f3 su formaci\u00f3n formal, oblig\u00e1ndolo a trabajar como tutor privado. Sin embargo, este per\u00edodo no fue un retroceso, sino una etapa de maduraci\u00f3n intelectual que lo llev\u00f3 a desarrollar una de las filosof\u00edas m\u00e1s influyentes de la modernidad.<\/p>\n\n\n\n<p>En 1770 obtuvo la c\u00e1tedra de L\u00f3gica y Metaf\u00edsica, cargo que ocupar\u00eda durante casi tres d\u00e9cadas. A partir de all\u00ed inicia su per\u00edodo cr\u00edtico, en el que publica sus obras fundamentales:&nbsp;Cr\u00edtica de la raz\u00f3n pura&nbsp;(1781),&nbsp;Cr\u00edtica de la raz\u00f3n pr\u00e1ctica&nbsp;(1788) y&nbsp;Cr\u00edtica del juicio&nbsp;(1790). Este tr\u00edptico constituye el n\u00facleo de su sistema filos\u00f3fico.<\/p>\n\n\n\n<hr class=\"wp-block-separator has-alpha-channel-opacity\"\/>\n\n\n\n<h3 class=\"wp-block-heading\">Conocer tiene l\u00edmites o \u00abel giro kantiano\u00bb<\/h3>\n\n\n\n<p>Uno de los aportes m\u00e1s decisivos de Kant fue su intento de <strong>integrar cr\u00edticamente los aportes del racionalismo y el empirismo bajo un nuevo marco filos\u00f3fico<\/strong>. Frente a pensadores como\u00a0Ren\u00e9 Descartes\u00a0y\u00a0David Hume, Kant propone una s\u00edntesis: <em>El conocimiento comienza con la experiencia, pero no se origina completamente en ella.<\/em><\/p>\n\n\n\n<p>En la\u00a0<em>Cr\u00edtica de la raz\u00f3n pura<\/em>, Kant introduce su c\u00e9lebre \u201crevoluci\u00f3n copernicana\u201d: <em>no es el sujeto quien se adapta al objeto, sino que el objeto del conocimiento se conforma seg\u00fan las estructuras a priori del sujeto. Espacio, tiempo y categor\u00edas como causalidad no provienen del mundo, sino que son condiciones que hacen posible que lo experimentemos.<\/em><\/p>\n\n\n\n<p>Este planteo delimita el alcance de la raz\u00f3n: podemos conocer fen\u00f3menos (lo que aparece), pero no las cosas en s\u00ed mismas (los noumena [no\u00fameno &#8211; la \u00abcosa en s\u00ed\u00bb en el sistema de Kant]). <\/p>\n\n\n\n<p>De esta forma, Kant somete la metaf\u00edsica a una cr\u00edtica que determina su validez y sus fronteras.<\/p>\n\n\n\n<hr class=\"wp-block-separator has-alpha-channel-opacity\"\/>\n\n\n<div class=\"wp-block-image\">\n<figure class=\"aligncenter size-full\"><a href=\"https:\/\/libertadcreadora.org\/blog\/wp-content\/uploads\/2026\/04\/0C6Y78dqg7r89NzYP.webp\"><img loading=\"lazy\" decoding=\"async\" width=\"509\" height=\"599\" src=\"https:\/\/libertadcreadora.org\/blog\/wp-content\/uploads\/2026\/04\/0C6Y78dqg7r89NzYP.webp\" alt=\"\" class=\"wp-image-307\" srcset=\"https:\/\/libertadcreadora.org\/blog\/wp-content\/uploads\/2026\/04\/0C6Y78dqg7r89NzYP.webp 509w, https:\/\/libertadcreadora.org\/blog\/wp-content\/uploads\/2026\/04\/0C6Y78dqg7r89NzYP-255x300.webp 255w\" sizes=\"auto, (max-width: 509px) 100vw, 509px\" \/><\/a><figcaption class=\"wp-element-caption\"><em>Retrato de Immanuel Kant \u2014 Gottlieb Doebler (1791)<\/em><\/figcaption><\/figure>\n<\/div>\n\n\n<h3 class=\"wp-block-heading\">Moral: El reino del Deber<\/h3>\n\n\n\n<p>Si en el plano del conocimiento Kant establece l\u00edmites, en el plano moral encuentra una certeza: <strong>la ley moral.<\/strong><\/p>\n\n\n\n<p>En su \u00e9tica, desarrollada principalmente en la&nbsp;<em>Cr\u00edtica de la raz\u00f3n pr\u00e1ctica<\/em>, Kant sostiene que la moral no depende de consecuencias, emociones o intereses, sino de la raz\u00f3n. Esta se expresa a trav\u00e9s de los&nbsp;<strong>imperativos<\/strong>, que son principios que gu\u00edan la acci\u00f3n.<\/p>\n\n\n\n<p>Existen dos tipos:<\/p>\n\n\n\n<ul class=\"wp-block-list\">\n<li><strong>Imperativos hipot\u00e9ticos<\/strong>: dependen de un fin &#8212; <em>Si quer\u00e9s lograr X, debes hacer Y.<br><\/em><strong>Por ejemplo: <\/strong><em>S<\/em><em>i <em>quer\u00e9s<\/em> aprender a nadar, debes tomar clases. Si abandonas el objetivo, la obligaci\u00f3n desaparece.<\/em><\/li>\n<\/ul>\n\n\n\n<p><\/p>\n\n\n\n<ul class=\"wp-block-list\">\n<li><strong>Imperativo categ\u00f3rico<\/strong>: es absoluto e incondicional. No depende de ning\u00fan fin particular, sino que obliga por s\u00ed mismo.<\/li>\n<\/ul>\n\n\n\n<p>Su formulaci\u00f3n m\u00e1s conocida es:<\/p>\n\n\n\n<blockquote class=\"wp-block-quote is-layout-flow wp-block-quote-is-layout-flow\">\n<p>\u201cObra solo seg\u00fan una m\u00e1xima tal que puedas querer al mismo tiempo que se torne ley universal\u201d.<\/p>\n<\/blockquote>\n\n\n\n<p>Para Kant, esta premisa se eleva sobre la concepci\u00f3n de la \u00absimple regla de convivencia\u00bb. Es un criterio racional para evaluar si una acci\u00f3n es moral: \u00bfpodr\u00eda convertirse en ley universal sin contradicci\u00f3n?<\/p>\n\n\n\n<p>Otra formulaci\u00f3n clave del imperativo categ\u00f3rico es a\u00fan m\u00e1s profunda:<\/p>\n\n\n\n<blockquote class=\"wp-block-quote is-layout-flow wp-block-quote-is-layout-flow\">\n<p>\u201cObra de tal modo que trates a la humanidad, tanto en tu persona como en la de cualquier otro, siempre como un fin y nunca solamente como un medio\u201d.<\/p>\n<\/blockquote>\n\n\n\n<p>Aqu\u00ed Kant introduce una idea central: <strong>la dignidad humana<\/strong>. Las personas no son instrumentos; poseen un valor intr\u00ednseco.<\/p>\n\n\n\n<hr class=\"wp-block-separator has-alpha-channel-opacity\"\/>\n\n\n\n<h3 class=\"wp-block-heading\">Raz\u00f3n pr\u00e1ctica, libertad y dignidad<\/h3>\n\n\n\n<p>A diferencia de lo que a veces se interpreta, Kant no excluye la felicidad. Lo que sostiene es que la moral no puede depender de ella. <strong>Una acci\u00f3n es moral no porque nos haga felices, sino porque es correcta.<\/strong><\/p>\n\n\n\n<p>La verdadera libertad, para Kant, no consiste en hacer lo que uno desea, sino en actuar conforme a leyes que uno mismo reconoce racionalmente como v\u00e1lidas. <strong>Es una libertad aut\u00f3noma, no arbitraria.<\/strong><\/p>\n\n\n\n<p>En este sentido, la \u00e9tica kantiana es exigente: no mide resultados, sino intenciones. Lo que importa es actuar por deber.<\/p>\n\n\n<div class=\"wp-block-image\">\n<figure class=\"aligncenter size-full\"><a href=\"https:\/\/libertadcreadora.org\/blog\/wp-content\/uploads\/2026\/04\/0P6e_6zQppbM6hbb0.webp\"><img loading=\"lazy\" decoding=\"async\" width=\"438\" height=\"684\" src=\"https:\/\/libertadcreadora.org\/blog\/wp-content\/uploads\/2026\/04\/0P6e_6zQppbM6hbb0.webp\" alt=\"\" class=\"wp-image-308\" srcset=\"https:\/\/libertadcreadora.org\/blog\/wp-content\/uploads\/2026\/04\/0P6e_6zQppbM6hbb0.webp 438w, https:\/\/libertadcreadora.org\/blog\/wp-content\/uploads\/2026\/04\/0P6e_6zQppbM6hbb0-192x300.webp 192w\" sizes=\"auto, (max-width: 438px) 100vw, 438px\" \/><\/a><figcaption class=\"wp-element-caption\"><em>Portada de la primera edici\u00f3n de \u201cCr\u00edtica de la Raz\u00f3n Pura\u201d (1781)<\/em><\/figcaption><\/figure>\n<\/div>\n\n\n<hr class=\"wp-block-separator has-alpha-channel-opacity\"\/>\n\n\n\n<h3 class=\"wp-block-heading\">El juicio y los l\u00edmites de la raz\u00f3n<\/h3>\n\n\n\n<p>Kant tambi\u00e9n reflexiona sobre c\u00f3mo juzgamos. El juicio no es una simple reacci\u00f3n, sino una s\u00edntesis de conceptos, experiencias y estructuras mentales. Para que un juicio sea v\u00e1lido, debe estar guiado por principios racionales coherentes.<\/p>\n\n\n\n<p>En la&nbsp;Cr\u00edtica del juicio, ampl\u00eda este an\u00e1lisis hacia el \u00e1mbito est\u00e9tico y teleol\u00f3gico, explorando c\u00f3mo interpretamos la belleza y el prop\u00f3sito en la naturaleza.<\/p>\n\n\n\n<hr class=\"wp-block-separator has-alpha-channel-opacity\"\/>\n\n\n\n<h3 class=\"wp-block-heading\">Un legado vigente<\/h3>\n\n\n\n<p>Kant explor\u00f3 con rigor los l\u00edmites de la raz\u00f3n, y desde all\u00ed busc\u00f3 un fundamento para la moral que trascendiera la costumbre y la conveniencia. Su pensamiento nos recuerda que l<strong>a verdadera dignidad del ser humano no reside en lo que puede hacer, sino en aquello que reconoce como su deber<\/strong>.<\/p>\n\n\n\n<p>En este sentido, su filosof\u00eda encuentra una profunda resonancia con un principio esencial de la tradici\u00f3n inici\u00e1tica: el hombre recto no act\u00faa por conveniencia, sino por deber. <strong>El Mas\u00f3n, en consecuencia, no hace lo que puede, sino lo que debe.<\/strong><\/p>\n\n\n\n<p>La Respetable Logia Libertad Creadora N\u00b0 57 conmemora a\u00a0Immanuel Kant, figura insigne de la Ilustraci\u00f3n, cuyo legado ha marcado de manera indeleble la filosof\u00eda moderna. Su rigurosa reflexi\u00f3n sobre la raz\u00f3n, la moral y los l\u00edmites del conocimiento, as\u00ed como su capacidad para integrar cr\u00edticamente diversas corrientes del pensamiento, constituyen una contribuci\u00f3n perdurable a la cultura universal. <\/p>\n\n\n\n<p><strong><em>En el Oriente de La Plata, Buenos Aires, Argentina.<\/em><\/strong><\/p>\n\n\n\n<p><\/p>\n","protected":false},"excerpt":{"rendered":"<p>El fil\u00f3sofo alem\u00e1n\u00a0Immanuel Kant\u00a0naci\u00f3 el 22 de abril de 1724 en\u00a0K\u00f6nigsberg, entonces parte de Prusia Oriental (hoy\u00a0Kaliningrado). Su vida transcurri\u00f3 casi \u00edntegramente en esa ciudad, en un marco de disciplina [&hellip;]<\/p>\n","protected":false},"author":2,"featured_media":309,"comment_status":"closed","ping_status":"","sticky":false,"template":"","format":"standard","meta":{"footnotes":""},"categories":[4,12,5],"tags":[],"class_list":["post-306","post","type-post","status-publish","format-standard","has-post-thumbnail","hentry","category-filosofia","category-historia","category-iniciatico"],"_links":{"self":[{"href":"https:\/\/libertadcreadora.org\/blog\/wp-json\/wp\/v2\/posts\/306","targetHints":{"allow":["GET"]}}],"collection":[{"href":"https:\/\/libertadcreadora.org\/blog\/wp-json\/wp\/v2\/posts"}],"about":[{"href":"https:\/\/libertadcreadora.org\/blog\/wp-json\/wp\/v2\/types\/post"}],"author":[{"embeddable":true,"href":"https:\/\/libertadcreadora.org\/blog\/wp-json\/wp\/v2\/users\/2"}],"replies":[{"embeddable":true,"href":"https:\/\/libertadcreadora.org\/blog\/wp-json\/wp\/v2\/comments?post=306"}],"version-history":[{"count":1,"href":"https:\/\/libertadcreadora.org\/blog\/wp-json\/wp\/v2\/posts\/306\/revisions"}],"predecessor-version":[{"id":310,"href":"https:\/\/libertadcreadora.org\/blog\/wp-json\/wp\/v2\/posts\/306\/revisions\/310"}],"wp:featuredmedia":[{"embeddable":true,"href":"https:\/\/libertadcreadora.org\/blog\/wp-json\/wp\/v2\/media\/309"}],"wp:attachment":[{"href":"https:\/\/libertadcreadora.org\/blog\/wp-json\/wp\/v2\/media?parent=306"}],"wp:term":[{"taxonomy":"category","embeddable":true,"href":"https:\/\/libertadcreadora.org\/blog\/wp-json\/wp\/v2\/categories?post=306"},{"taxonomy":"post_tag","embeddable":true,"href":"https:\/\/libertadcreadora.org\/blog\/wp-json\/wp\/v2\/tags?post=306"}],"curies":[{"name":"wp","href":"https:\/\/api.w.org\/{rel}","templated":true}]}}