{"id":289,"date":"2026-03-12T11:45:09","date_gmt":"2026-03-12T11:45:09","guid":{"rendered":"https:\/\/libertadcreadora.org\/blog\/?p=289"},"modified":"2026-03-12T11:45:09","modified_gmt":"2026-03-12T11:45:09","slug":"origenes-masonicos-del-escudo-nacional-argentino","status":"publish","type":"post","link":"https:\/\/libertadcreadora.org\/blog\/origenes-masonicos-del-escudo-nacional-argentino\/","title":{"rendered":"Or\u00edgenes Mas\u00f3nicos del Escudo Nacional Argentino"},"content":{"rendered":"\n<hr class=\"wp-block-separator has-alpha-channel-opacity\"\/>\n\n\n\n<h2 class=\"wp-block-heading\"><em><strong>Como cada 12 de Marzo, se conmemora en nuestro pa\u00eds el&nbsp;D\u00eda del Escudo Naciona<\/strong>l, cuya adopci\u00f3n fuera dispuesta por la&nbsp;Asamblea General Constituyente y Soberana, que sesionara entre enero de 1813 y enero de 1815<\/em>.<\/h2>\n\n\n\n<hr class=\"wp-block-separator has-alpha-channel-opacity\"\/>\n\n\n\n<p>Dicha asamblea fue prioritaria para <em>que los representantes del pueblo <strong>reconocieran la soberan\u00eda popular, declararan la independencia y redactaran una Constituci\u00f3n Nacional.<\/strong><\/em><\/p>\n\n\n\n<blockquote class=\"wp-block-quote is-layout-flow wp-block-quote-is-layout-flow\">\n<p id=\"5735\">(\u2026) la Asamblea del A\u00f1o XIII&nbsp;<em>\u2014 como se la conoci\u00f3 en la posteridad&nbsp;<\/em>\u2014 resolvi\u00f3 cuestiones de relevancia para la vida institucional, entre ellas la adopci\u00f3n de un sello que luego ser\u00eda elegido como Escudo Nacional.<\/p>\n<\/blockquote>\n\n\n\n<p>La sesi\u00f3n preparatoria se realiz\u00f3 el 30 de enero de 1813, cuando se decidi\u00f3 que los diecisiete diputados asistentes conformaban&nbsp;<em>qu\u00f3rum&nbsp;<\/em>y se convoc\u00f3 para el d\u00eda siguiente a la apertura de los trabajos en el edificio del Consulado de Buenos Aires, en la actual calle San Mart\u00edn entre Bartolom\u00e9 Mitre y Per\u00f3n (CABA). De los diputados asistentes, diez eran masones:<em>&nbsp;Carlos de Alvear, Juan Larrea, Vicente L\u00f3pez, Hip\u00f3lito Vieytes, Jos\u00e9 V. G\u00f3mez, Juan Ram\u00f3n Balcarce, Bernardo Monteagudo, Agust\u00edn Donado, Pedro Agrelo y Jos\u00e9 Moldes.<\/em><a href=\"https:\/\/libertadcreadora.medium.com\/?source=post_page---byline--9bbc49db564---------------------------------------\"><\/a><\/p>\n\n\n\n<p id=\"507d\">La Asamblea declar\u00f3 que sus diputados eran los representantes de las <em><strong>Provincias que se declaraban Libres y Unidas del R\u00edo de la Plata<\/strong><\/em>, que en ella resid\u00eda la representaci\u00f3n de la soberan\u00eda del pueblo y que su instalaci\u00f3n ten\u00eda como fin dictar una Constituci\u00f3n. En sus dos a\u00f1os de trabajo, la Asamblea del A\u00f1o XIII&nbsp;<em>\u2014 como se la conoci\u00f3 en la posteridad&nbsp;<\/em>\u2014 resolvi\u00f3 cuestiones de relevancia para la vida institucional, entre ellas la adopci\u00f3n de un sello que luego ser\u00eda elegido como Escudo Nacional: las manos cruzadas, una pica que sostiene el gorro frigio, campos azul y blanco rodeados de ramas de laureles, con el sol que nace de oriente, otorgan particularidad relevante al modelo utilizado.<\/p>\n\n\n\n<blockquote class=\"wp-block-quote is-layout-flow wp-block-quote-is-layout-flow\">\n<p id=\"9989\">El escudo pr\u00e1cticamente reproduce el sello correspondiente a un salvoconducto franc\u00e9s de la \u00e9poca revolucionaria, utilizado por miembros de una organizaci\u00f3n mas\u00f3nica (\u2026)<\/p>\n<\/blockquote>\n\n\n\n<p>Una de las primeras medidas de la Asamblea fue encomendar al diputado por la Provincia de San Luis, Agust\u00edn Jos\u00e9 Donado (Mas\u00f3n), la confecci\u00f3n de un sello nuevo, para legalizar los documentos emitidos por el cuerpo legislativo. No se encuentra establecido con exactitud si fue el propio Diputado Donado el autor del dise\u00f1o del Escudo (\u00e9l era dibujante e imprentero) o si fueron los artistas peruanos Isidro Antonio de Castro o Juan de Dios Rivera. Lo que s\u00ed se sabe es que este \u00faltimo confeccion\u00f3 el cu\u00f1o definitivo del sello, que devendr\u00eda en nuestro Escudo Nacional, elaborado de plata y bronce. Ello as\u00ed, puesto que en el Archivo General de la Naci\u00f3n se ha encontrado un reclamo elevado por este artista al Gobierno, solicitando el pago de dos sellos por \u00e9l confeccionados (uno para la Asamblea y otro para el Poder Ejecutivo del Estado) que le fueran encomendados por el Diputado Donado.<\/p>\n\n\n\n<p><strong>Si bien la mayor\u00eda de los integrantes de la Asamblea del a\u00f1o XIII ten\u00eda filiaci\u00f3n mas\u00f3nica, y las decisiones y proclamaciones surgidas de su seno evidencian una clara impronta de esp\u00edritu mas\u00f3nico<\/strong>, tambi\u00e9n ello ha sido establecido en el Escudo Nacional adoptado en dicha ocasi\u00f3n. No obstante, no fue sino hasta hace algunos a\u00f1os que esa vinculaci\u00f3n fue a\u00fan m\u00e1s n\u00edtida, particularmente al advertirse que el Escudo patrio evoca el sello correspondiente a un salvoconducto franc\u00e9s de la \u00e9poca revolucionaria, utilizado por miembros de una organizaci\u00f3n mas\u00f3nica para acceder a la Asamblea Legislativa realizada en Par\u00eds, entre los a\u00f1os 1790 y 1793.<\/p>\n\n\n<div class=\"wp-block-image\">\n<figure class=\"aligncenter size-full\"><img loading=\"lazy\" decoding=\"async\" width=\"589\" height=\"358\" src=\"https:\/\/libertadcreadora.org\/blog\/wp-content\/uploads\/2026\/03\/0PWgJSm0pWHxpAKeO.webp\" alt=\"\" class=\"wp-image-290\" srcset=\"https:\/\/libertadcreadora.org\/blog\/wp-content\/uploads\/2026\/03\/0PWgJSm0pWHxpAKeO.webp 589w, https:\/\/libertadcreadora.org\/blog\/wp-content\/uploads\/2026\/03\/0PWgJSm0pWHxpAKeO-300x182.webp 300w\" sizes=\"auto, (max-width: 589px) 100vw, 589px\" \/><figcaption class=\"wp-element-caption\"><em>Escudo de un salvoconducto franc\u00e9s (izquierda) y Escudo Nacional Argentino (derecha)<\/em><\/figcaption><\/figure>\n<\/div>\n\n\n<p id=\"5def\">La relaci\u00f3n se estableci\u00f3 con mayor solidez en el a\u00f1o 1987, cuando Francia realiz\u00f3 festejos en conmemoraci\u00f3n del Bicentenario de la Revoluci\u00f3n de 1789. El programa incluy\u00f3 entonces un coloquio en la Universidad de La Sorbona, destinado a estudiar la influencia de la Revoluci\u00f3n Francesa sobre los movimientos independentistas en Am\u00e9rica Latina. El embajador argentino en Francia era Carlos Ortiz de Rozas, quien se ocup\u00f3 de las investigaciones que permitieron echar luz sobre el origen de nuestro Escudo Nacional.<\/p>\n\n\n\n<p id=\"cd29\">La similitud entre aquel sello franc\u00e9s y nuestro Escudo parece evidente. La Directora del Departamento de Grabados y Fotograf\u00edas de la Biblioteca Nacional de Francia, Laure Beaumont-Maillet, explic\u00f3 al embajador Ortiz de Rozas que, a su entender, el movimiento del azul de la mitad superior del escudo se asemeja a peque\u00f1as olas, por lo que podr\u00eda indicar que los diputados que lo usaban como credencial para ingresar a la Asamblea Nacional proven\u00edan de una regi\u00f3n mar\u00edtima de Francia.<\/p>\n\n\n\n<p id=\"cf44\">Existen no pocas voces que sostienen que el Escudo Nacional original \u2014 el de las Provincias Unidas del R\u00edo de La Plata \u2014 fue posteriormente editado. Por citar solo un ejemplo, el gorro frigio utilizado originariamente llevaba una borla, tal cual se advierte tanto en la Bandera del Ej\u00e9rcito del Norte como en la del Ej\u00e9rcito de los Andes. Esta borla tiene un origen incaico.<\/p>\n\n\n<div class=\"wp-block-image\">\n<figure class=\"aligncenter size-full\"><a href=\"https:\/\/libertadcreadora.org\/blog\/wp-content\/uploads\/2026\/03\/0XC4Z-b6vyWS4oaNy.webp\"><img loading=\"lazy\" decoding=\"async\" width=\"176\" height=\"224\" src=\"https:\/\/libertadcreadora.org\/blog\/wp-content\/uploads\/2026\/03\/0XC4Z-b6vyWS4oaNy.webp\" alt=\"\" class=\"wp-image-291\"\/><\/a><\/figure>\n<\/div>\n\n\n<p id=\"8793\">El historiador, escritor y periodista Osvaldo Bayer afirm\u00f3 entonces: (\u2026)&nbsp;<em>\u201cQu\u00e9 esp\u00edritu profundo la de nuestros patriotas de Mayo. Quer\u00edan amalgamar los ideales de la humanidad que luchaba en ese tiempo por la Igualdad en Libertad, con s\u00edmbolos de la tierra americana. Y est\u00e1 all\u00ed, en el gorro frigio con la borla incaica. Un esp\u00edritu de fraternidad entre los pueblos originarios y los que eran ya hijos de los europeos venidos a estas tierras. Los ideales de una humanidad fraterna pero tambi\u00e9n con los rastros de las culturas aut\u00f3ctonas.\u201d&nbsp;<\/em>(\u2026). El gorro frigio es un s\u00edmbolo de larga tradici\u00f3n, que encuentra su origen en el que usaban los libertos de la Roma imperial. La borla fue una estilizaci\u00f3n al uso de los hombres de las naciones andinas.<\/p>\n\n\n<div class=\"wp-block-image\">\n<figure class=\"aligncenter size-medium\"><a href=\"https:\/\/libertadcreadora.org\/blog\/wp-content\/uploads\/2026\/03\/Coat_of_arms_of_State_of_Buenos_Aires.svg_.png\"><img loading=\"lazy\" decoding=\"async\" width=\"300\" height=\"243\" src=\"https:\/\/libertadcreadora.org\/blog\/wp-content\/uploads\/2026\/03\/Coat_of_arms_of_State_of_Buenos_Aires.svg_-300x243.png\" alt=\"\" class=\"wp-image-294\" srcset=\"https:\/\/libertadcreadora.org\/blog\/wp-content\/uploads\/2026\/03\/Coat_of_arms_of_State_of_Buenos_Aires.svg_-300x243.png 300w, https:\/\/libertadcreadora.org\/blog\/wp-content\/uploads\/2026\/03\/Coat_of_arms_of_State_of_Buenos_Aires.svg_-768x622.png 768w, https:\/\/libertadcreadora.org\/blog\/wp-content\/uploads\/2026\/03\/Coat_of_arms_of_State_of_Buenos_Aires.svg_.png 960w\" sizes=\"auto, (max-width: 300px) 100vw, 300px\" \/><\/a><figcaption class=\"wp-element-caption\">Versi\u00f3n ampliada del escudo de la Argentina, con banderas a cada lado.<\/figcaption><\/figure>\n<\/div>\n\n\n<p id=\"956d\">Por lo dem\u00e1s, el Sol \u00abcomo luz que parte de Oriente\u00bb remite ciertamente a la simbolog\u00eda mas\u00f3nica, tanto por el nacer de la luz intelectual [<em>Gnosis<\/em>] como por remisi\u00f3n al culto a la Naturaleza, exteriorizando la vinculaci\u00f3n de la misma a la causa emancipadora, la cual era, en s\u00edntesis,&nbsp;<strong>el ideal de la Masoner\u00eda en acci\u00f3n<\/strong>.<\/p>\n\n\n\n<p id=\"6b0f\"><strong><em>En el Oriente de La Plata, Buenos Aires, Argentina.<\/em><\/strong><\/p>\n\n\n\n<p><\/p>\n","protected":false},"excerpt":{"rendered":"<p>Como cada 12 de Marzo, se conmemora en nuestro pa\u00eds el&nbsp;D\u00eda del Escudo Nacional, cuya adopci\u00f3n fuera dispuesta por la&nbsp;Asamblea General Constituyente y Soberana, que sesionara entre enero de 1813 [&hellip;]<\/p>\n","protected":false},"author":2,"featured_media":302,"comment_status":"closed","ping_status":"","sticky":false,"template":"","format":"standard","meta":{"footnotes":""},"categories":[12,5,1,6],"tags":[],"class_list":["post-289","post","type-post","status-publish","format-standard","has-post-thumbnail","hentry","category-historia","category-iniciatico","category-sin-categoria","category-sociedad"],"_links":{"self":[{"href":"https:\/\/libertadcreadora.org\/blog\/wp-json\/wp\/v2\/posts\/289","targetHints":{"allow":["GET"]}}],"collection":[{"href":"https:\/\/libertadcreadora.org\/blog\/wp-json\/wp\/v2\/posts"}],"about":[{"href":"https:\/\/libertadcreadora.org\/blog\/wp-json\/wp\/v2\/types\/post"}],"author":[{"embeddable":true,"href":"https:\/\/libertadcreadora.org\/blog\/wp-json\/wp\/v2\/users\/2"}],"replies":[{"embeddable":true,"href":"https:\/\/libertadcreadora.org\/blog\/wp-json\/wp\/v2\/comments?post=289"}],"version-history":[{"count":9,"href":"https:\/\/libertadcreadora.org\/blog\/wp-json\/wp\/v2\/posts\/289\/revisions"}],"predecessor-version":[{"id":305,"href":"https:\/\/libertadcreadora.org\/blog\/wp-json\/wp\/v2\/posts\/289\/revisions\/305"}],"wp:featuredmedia":[{"embeddable":true,"href":"https:\/\/libertadcreadora.org\/blog\/wp-json\/wp\/v2\/media\/302"}],"wp:attachment":[{"href":"https:\/\/libertadcreadora.org\/blog\/wp-json\/wp\/v2\/media?parent=289"}],"wp:term":[{"taxonomy":"category","embeddable":true,"href":"https:\/\/libertadcreadora.org\/blog\/wp-json\/wp\/v2\/categories?post=289"},{"taxonomy":"post_tag","embeddable":true,"href":"https:\/\/libertadcreadora.org\/blog\/wp-json\/wp\/v2\/tags?post=289"}],"curies":[{"name":"wp","href":"https:\/\/api.w.org\/{rel}","templated":true}]}}