{"id":25,"date":"2025-11-25T21:10:00","date_gmt":"2025-11-25T21:10:00","guid":{"rendered":"https:\/\/libertadcreadora.org\/blog\/?p=25"},"modified":"2025-12-03T19:04:09","modified_gmt":"2025-12-03T19:04:09","slug":"masoneria-y-politica","status":"publish","type":"post","link":"https:\/\/libertadcreadora.org\/blog\/masoneria-y-politica\/","title":{"rendered":"Masoner\u00eda y Pol\u00edtica"},"content":{"rendered":"\n<hr class=\"wp-block-separator has-alpha-channel-opacity\"\/>\n\n\n\n<h2 class=\"wp-block-heading\"><em>La Masoner\u00eda no es una asociaci\u00f3n pol\u00edtica, no tiene fines pol\u00edticos y, por tanto, no acciona pol\u00edticamente como instituci\u00f3n.<\/em><\/h2>\n\n\n\n<hr class=\"wp-block-separator has-alpha-channel-opacity\"\/>\n\n\n\n<p>No debe confundirse su actividad con la de ning\u00fan partido pol\u00edtico, ya que&nbsp;<strong>no promueve la doctrina de movimiento pol\u00edtico alguno, ni se adhiere a ninguna ideolog\u00eda de tal naturaleza<\/strong>. La Masoner\u00eda no necesita reproducir los movimientos e instituciones que ya existen y que trabajan en determinados niveles o \u00e1reas concretas de la realidad social. <\/p>\n\n\n\n<blockquote class=\"wp-block-quote is-layout-flow wp-block-quote-is-layout-flow\">\n<p id=\"2422\">Todo mas\u00f3n debe ser un hombre pac\u00edfico y respetar las leyes del pa\u00eds en el que vive. Los principios de la Orden no se contraponen jam\u00e1s con el deber de sus miembros como ciudadanos.<\/p>\n<\/blockquote>\n\n\n\n<p id=\"2422\">No obstante,&nbsp;<strong>el mas\u00f3n no debe permanecer indiferente a los problemas derivados de las pol\u00edticas de los pueblos<\/strong>, y es en ese sentido que, individualmente, puede abrazar los ideales pol\u00edticos y sociales que \u00edntimamente y en su fuero interno determine, aunque para pertenecer a la Orden debe reconocer la tolerancia y la convivencia pac\u00edfica entre los hombres como gu\u00eda de las aspiraciones e inclinaciones pol\u00edticas. Ello as\u00ed, pues la Orden descarta de plano la promoci\u00f3n de cualquier tipo de expresi\u00f3n autoritaria o totalitaria que cercene la libertad de las personas, en cualquiera de sus m\u00faltiples expresiones particulares.<\/p>\n\n\n<div class=\"wp-block-image\">\n<figure class=\"aligncenter size-large\"><a href=\"https:\/\/libertadcreadora.org\/blog\/wp-content\/uploads\/2025\/12\/image-2.png\"><img loading=\"lazy\" decoding=\"async\" width=\"1024\" height=\"576\" src=\"https:\/\/libertadcreadora.org\/blog\/wp-content\/uploads\/2025\/12\/image-2-1024x576.png\" alt=\"\" class=\"wp-image-36\" srcset=\"https:\/\/libertadcreadora.org\/blog\/wp-content\/uploads\/2025\/12\/image-2-1024x576.png 1024w, https:\/\/libertadcreadora.org\/blog\/wp-content\/uploads\/2025\/12\/image-2-300x169.png 300w, https:\/\/libertadcreadora.org\/blog\/wp-content\/uploads\/2025\/12\/image-2-768x432.png 768w, https:\/\/libertadcreadora.org\/blog\/wp-content\/uploads\/2025\/12\/image-2-1536x864.png 1536w, https:\/\/libertadcreadora.org\/blog\/wp-content\/uploads\/2025\/12\/image-2-2048x1152.png 2048w\" sizes=\"auto, (max-width: 1024px) 100vw, 1024px\" \/><\/a><\/figure>\n<\/div>\n\n\n<p>Todo mas\u00f3n debe ser un hombre pac\u00edfico y respetar las leyes del pa\u00eds en el que vive.&nbsp;<strong>Los principios de la Orden no se contraponen jam\u00e1s con el deber de sus miembros como ciudadanos<\/strong>. La Masoner\u00eda est\u00e1 en contra de que sus miembros la utilicen para promoverse en cualquier \u00e1mbito en pos de satisfacer intereses personales. En definitiva, sus deberes c\u00edvicos deben prevalecer frente a cualquier obligaci\u00f3n hacia otro mas\u00f3n.<\/p>\n\n\n\n<p><\/p>\n\n\n\n<p id=\"c11c\">De esta manera, caben en su seno todo tipo de personas que, sin caer en el exclusivismo, clasismo, intolerancia, fanatismo, sectarismo o dogmatismo, deseen analizar libremente al ser humano, su existencia y dem\u00e1s aspectos de la vida en general, en virtud del progreso y la evoluci\u00f3n, tanto individual como colectiva.<\/p>\n\n\n\n<p><em>En el Oriente de La Plata, Buenos Aires, Argentina<\/em>.<\/p>\n\n\n\n<p><a href=\"https:\/\/libertadcreadora.medium.com\/?source=post_page---byline--9b852a2f2d18---------------------------------------\"><\/a><\/p>\n","protected":false},"excerpt":{"rendered":"<p>La Masoner\u00eda no es una asociaci\u00f3n pol\u00edtica, no tiene fines pol\u00edticos y, por tanto, no acciona pol\u00edticamente como instituci\u00f3n. No debe confundirse su actividad con la de ning\u00fan partido pol\u00edtico, [&hellip;]<\/p>\n","protected":false},"author":2,"featured_media":36,"comment_status":"closed","ping_status":"closed","sticky":false,"template":"","format":"standard","meta":{"footnotes":""},"categories":[4,6],"tags":[],"class_list":["post-25","post","type-post","status-publish","format-standard","has-post-thumbnail","hentry","category-filosofia","category-sociedad"],"_links":{"self":[{"href":"https:\/\/libertadcreadora.org\/blog\/wp-json\/wp\/v2\/posts\/25","targetHints":{"allow":["GET"]}}],"collection":[{"href":"https:\/\/libertadcreadora.org\/blog\/wp-json\/wp\/v2\/posts"}],"about":[{"href":"https:\/\/libertadcreadora.org\/blog\/wp-json\/wp\/v2\/types\/post"}],"author":[{"embeddable":true,"href":"https:\/\/libertadcreadora.org\/blog\/wp-json\/wp\/v2\/users\/2"}],"replies":[{"embeddable":true,"href":"https:\/\/libertadcreadora.org\/blog\/wp-json\/wp\/v2\/comments?post=25"}],"version-history":[{"count":8,"href":"https:\/\/libertadcreadora.org\/blog\/wp-json\/wp\/v2\/posts\/25\/revisions"}],"predecessor-version":[{"id":88,"href":"https:\/\/libertadcreadora.org\/blog\/wp-json\/wp\/v2\/posts\/25\/revisions\/88"}],"wp:featuredmedia":[{"embeddable":true,"href":"https:\/\/libertadcreadora.org\/blog\/wp-json\/wp\/v2\/media\/36"}],"wp:attachment":[{"href":"https:\/\/libertadcreadora.org\/blog\/wp-json\/wp\/v2\/media?parent=25"}],"wp:term":[{"taxonomy":"category","embeddable":true,"href":"https:\/\/libertadcreadora.org\/blog\/wp-json\/wp\/v2\/categories?post=25"},{"taxonomy":"post_tag","embeddable":true,"href":"https:\/\/libertadcreadora.org\/blog\/wp-json\/wp\/v2\/tags?post=25"}],"curies":[{"name":"wp","href":"https:\/\/api.w.org\/{rel}","templated":true}]}}