{"id":245,"date":"2026-01-03T20:31:47","date_gmt":"2026-01-03T20:31:47","guid":{"rendered":"https:\/\/libertadcreadora.org\/blog\/?p=245"},"modified":"2026-01-03T20:52:30","modified_gmt":"2026-01-03T20:52:30","slug":"tradicion-primordial","status":"publish","type":"post","link":"https:\/\/libertadcreadora.org\/blog\/tradicion-primordial\/","title":{"rendered":"Tradici\u00f3n Primordial"},"content":{"rendered":"\n<hr class=\"wp-block-separator has-alpha-channel-opacity\"\/>\n\n\n\n<p id=\"d68e\"><a href=\"https:\/\/libertadcreadora.medium.com\/?source=post_page---byline--f12c218aa8e3---------------------------------------\"><\/a><\/p>\n\n\n\n<h2 class=\"wp-block-heading\" id=\"243b\"><em><strong>La actualidad de nuestra sociedad y la cotidianeidad de las relaciones interpersonales, nos presentan discusiones que, a menudo, se desarrollan en t\u00e9rminos de argumentaci\u00f3n comparativa; destacando entre ellas los debates que prescinden de toda raz\u00f3n dial\u00e9ctica, conduciendo a la relativizaci\u00f3n y posterior deformaci\u00f3n conceptual de t\u00e9rminos que acaban por rendirse al rigor de la repetici\u00f3n.<\/strong><\/em><\/h2>\n\n\n\n<hr class=\"wp-block-separator has-alpha-channel-opacity\"\/>\n\n\n\n<p><\/p>\n\n\n\n<p id=\"c8f5\">Un caso particular es el del t\u00e9rmino&nbsp;<em>conservador<\/em>, utilizado coloquialmente como sin\u00f3nimo de&nbsp;<em>tradicionalista<\/em>, y esto en tono peyorativo. Ambos t\u00e9rminos se emplean indistintamente para referirse a personas o instituciones que parecieran \u2014&nbsp;<strong><em>no aggiornarse<\/em><\/strong>&nbsp;\u2014 a los cambios de paradigmas que plantean los tiempos modernos.<\/p>\n\n\n\n<p id=\"ef3a\">El prop\u00f3sito de este art\u00edculo es ahondar en los t\u00e9rminos propuestos. Para ello es pertinente, en primer lugar, realizar una diferenciaci\u00f3n entre&nbsp;<em>Tradici\u00f3n<\/em>&nbsp;y&nbsp;<em>Costumbre<\/em>. Si bien es aceptable usarlos como sin\u00f3nimos en el campo de la aplicaci\u00f3n pr\u00e1ctica, ambos t\u00e9rminos no son sin\u00f3nimos.<\/p>\n\n\n\n<figure class=\"wp-block-image size-large\"><a href=\"https:\/\/libertadcreadora.org\/blog\/wp-content\/uploads\/2026\/01\/Alegoria-de-la-Sabiduria--e1767473209944.jpg\"><img loading=\"lazy\" decoding=\"async\" width=\"1024\" height=\"663\" src=\"https:\/\/libertadcreadora.org\/blog\/wp-content\/uploads\/2026\/01\/Alegoria-de-la-Sabiduria--e1767473209944-1024x663.jpg\" alt=\"\" class=\"wp-image-259\" srcset=\"https:\/\/libertadcreadora.org\/blog\/wp-content\/uploads\/2026\/01\/Alegoria-de-la-Sabiduria--e1767473209944-1024x663.jpg 1024w, https:\/\/libertadcreadora.org\/blog\/wp-content\/uploads\/2026\/01\/Alegoria-de-la-Sabiduria--e1767473209944-300x194.jpg 300w, https:\/\/libertadcreadora.org\/blog\/wp-content\/uploads\/2026\/01\/Alegoria-de-la-Sabiduria--e1767473209944-768x497.jpg 768w, https:\/\/libertadcreadora.org\/blog\/wp-content\/uploads\/2026\/01\/Alegoria-de-la-Sabiduria--e1767473209944-1536x994.jpg 1536w, https:\/\/libertadcreadora.org\/blog\/wp-content\/uploads\/2026\/01\/Alegoria-de-la-Sabiduria--e1767473209944.jpg 1888w\" sizes=\"auto, (max-width: 1024px) 100vw, 1024px\" \/><\/a><figcaption class=\"wp-element-caption\"><em>Alegoria de la Sabidur\u00eda, C. principios del S. XVIII &#8211; An\u00f3nimo (Originalmente atribuida a Trevisani)<\/em><\/figcaption><\/figure>\n\n\n\n<p id=\"dc2c\">Cuando hablamos de costumbre, nos referimos a los&nbsp;<em>usos, rutinas cotidianas o h\u00e1bitos individuales<\/em>, que puede adoptar una comunidad o una regi\u00f3n m\u00e1s extensa, como ser el caso de toda una naci\u00f3n. Se trata de&nbsp;<strong><em>aquella conducta o pr\u00e1ctica habitual que se ha mantenido a lo largo de los a\u00f1os y que constituye la idiosincrasia de su gente<\/em><\/strong>. Cumple adem\u00e1s una funci\u00f3n diferencial entre grupos \u00e9tnicos, lo cual suele significar motivo de orgullo e identidad motivando un profundo sentimiento de pertenencia.<\/p>\n\n\n\n<blockquote class=\"wp-block-quote is-layout-flow wp-block-quote-is-layout-flow\">\n<p id=\"ff4d\">Al igual que una costumbre, la tradici\u00f3n tambi\u00e9n es transmitida de manera generacional, pero un rasgo distintivo de aquella tal como la entendemos aqu\u00ed,&nbsp;<em>es el&nbsp;<\/em><strong><em>poder de trascender el l\u00edmite pol\u00edtico de las naciones, sin importar sus diferencias (\u2026)<\/em><\/strong><\/p>\n<\/blockquote>\n\n\n\n<p id=\"d836\">Sucede que cuando una generaci\u00f3n no mantiene la costumbre, lo cual es susceptible de ocurrir, aflora en sus progenitores el temor al evidenciar que determinados valores pasan a ser tratados con liviandad, o a ser directamente sustituidos. Por lo tanto, es latente el riesgo de la p\u00e9rdida identitaria de un grupo, y en consecuencia, la p\u00e9rdida de su memoria en la historia.<\/p>\n\n\n\n<p id=\"2c25\">Ahora bien, tradici\u00f3n y costumbre difieren en diversos sentidos como ser: en el contenido de \u201caquello\u201d que sobrevive al paso del tiempo, la forma de transmisi\u00f3n, los antecedentes hist\u00f3ricos, elementos socioculturales actuantes, e incluso su periodicidad. Al igual que una costumbre, la tradici\u00f3n tambi\u00e9n es transmitida de manera generacional, pero un rasgo distintivo de aquella tal como la entendemos aqu\u00ed es el poder de trascender el l\u00edmite pol\u00edtico de las naciones, sin importar sus diferencias.<\/p>\n\n\n\n<p id=\"2c25\">Para ilustrar esta idea de trascendencia, podemos evocar una representaci\u00f3n cl\u00e1sica del Renacimiento: el fresco (y su posterior grabado) titulado <em>Amor Poeta Et Mnemosyne Musarum Mater<\/em> (Cupido y las Musas), atribuido originalmente a Rafael Sanzio en la Logia de la Villa Farnesina (Roma, circa 1517-1518). En esta escena mitol\u00f3gica, <strong>Mnem\u00f3sine<\/strong> \u2014la tit\u00e1nide griega de la <strong>memoria<\/strong> y madre de las nueve Musas\u2014 aparece en el centro, entregando una flecha a Cupido, mientras cuatro de sus hijas (Musas de la m\u00fasica, la danza, la comedia y la poes\u00eda amorosa) la rodean en un paisaje sereno.<\/p>\n\n\n\n<figure class=\"wp-block-image size-large is-resized is-style-default\"><a href=\"https:\/\/libertadcreadora.org\/blog\/wp-content\/uploads\/2026\/01\/amor-poeta-et-mnemosyne-musarum-mater-cupid-the-muses-c-1670_10395_main_size3-e1767471918473.jpg\"><img loading=\"lazy\" decoding=\"async\" width=\"1024\" height=\"582\" src=\"https:\/\/libertadcreadora.org\/blog\/wp-content\/uploads\/2026\/01\/amor-poeta-et-mnemosyne-musarum-mater-cupid-the-muses-c-1670_10395_main_size3-e1767471918473-1024x582.jpg\" alt=\"\" class=\"wp-image-247\" style=\"width:811px;height:auto\" srcset=\"https:\/\/libertadcreadora.org\/blog\/wp-content\/uploads\/2026\/01\/amor-poeta-et-mnemosyne-musarum-mater-cupid-the-muses-c-1670_10395_main_size3-e1767471918473-1024x582.jpg 1024w, https:\/\/libertadcreadora.org\/blog\/wp-content\/uploads\/2026\/01\/amor-poeta-et-mnemosyne-musarum-mater-cupid-the-muses-c-1670_10395_main_size3-e1767471918473-300x170.jpg 300w, https:\/\/libertadcreadora.org\/blog\/wp-content\/uploads\/2026\/01\/amor-poeta-et-mnemosyne-musarum-mater-cupid-the-muses-c-1670_10395_main_size3-e1767471918473-768x436.jpg 768w, https:\/\/libertadcreadora.org\/blog\/wp-content\/uploads\/2026\/01\/amor-poeta-et-mnemosyne-musarum-mater-cupid-the-muses-c-1670_10395_main_size3-e1767471918473.jpg 1493w\" sizes=\"auto, (max-width: 1024px) 100vw, 1024px\" \/><\/a><figcaption class=\"wp-element-caption\"><em>\u00abAmor Poeta Et Mnemosyne Musarum Mater\u00bb, C. 1670,  grabado por Pietro Santi Bartoli. Se trata de una representaci\u00f3n en sentido inverso de un fresco original pintado por Rafael Sanzio en la Loggia della Villa Palatina en Roma.<\/em><\/figcaption><\/figure>\n\n\n\n<p><a href=\"https:\/\/medium.com\/plans?source=upgrade_membership---post_li_non_moc_upsell--f12c218aa8e3---------------------------------------\"><\/a>La Memoria (personificada en Mnem\u00f3sine) act\u00faa aqu\u00ed como el puente esencial que conecta el amor inspirador (eros, representado por Cupido) con las artes y el saber humano. Sin memoria, no hay transmisi\u00f3n posible; sin ella, las preguntas eternas se disipan en el olvido. Esta imagen nos recuerda a la llamada <strong>filosof\u00eda perenne<\/strong>, un saber que se ha transmitido de tiempo en tiempo sin perder fuerza ni vigencia. Esta Sabidur\u00eda parte de cuestionamientos f\u00e1ciles de enunciar pero complejos a la hora de abordar, son entre otras, aquellas preguntas que a todos nos interpelan: <em>\u201c\u00bfDe d\u00f3nde venimos?\u201d, \u201c\u00bfQui\u00e9nes somos?\u201d y \u201c\u00bfHacia d\u00f3nde vamos?\u201d.<\/em><\/p>\n\n\n\n<p>Preguntas eternas que tienen su origen desde que el inicio de la humanidad, y condicionan su existencia a tal punto que innumerables movimientos religiosos, filos\u00f3ficos y pol\u00edticos se han gestado pretendiendo arribar a una respuesta. Todos ellos, esparcidos por la faz de la tierra, no constituyen mas que distintas expresiones para una misma inquietud que atraviesa a todos por igual. Es aqu\u00ed donde podemos observar, pese a las sutiles diferencias, un denominador com\u00fan que se presenta velado en cada una de las tradiciones particulares, con sus equivalentes tanto en Oriente como Occidente.<\/p>\n\n\n\n<blockquote class=\"wp-block-quote is-layout-flow wp-block-quote-is-layout-flow\">\n<p id=\"c4ca\"><em>\u201cLa Orden Mas\u00f3nica, como depositaria de una tradici\u00f3n o filosof\u00eda perenne, trasciende a la modernidad de la cual no reniega.\u201d<\/em><\/p>\n<\/blockquote>\n\n\n\n<p id=\"8e48\">La manera en que cada civilizaci\u00f3n o cada tradici\u00f3n en particular materializa esa b\u00fasqueda, nos habla de las caracter\u00edsticas propias de una regi\u00f3n sometida a todo tipo de factores causantes de esas diferencias. Es as\u00ed como vemos aqu\u00ed mezclarse de alguna manera costumbre y tradici\u00f3n siendo una el soporte de la otra.<\/p>\n\n\n\n<p id=\"743e\">Hablando en t\u00e9rminos de Masoner\u00eda, desde la primera conformaci\u00f3n institucional documentada, la expansi\u00f3n de la Orden ha sido prodigiosa, debiendo usos y costumbres adaptarse a distintos contextos idiom\u00e1ticos. Pero manteniendo inalterable, <strong>la esencia primordial, que no es otra que la b\u00fasqueda incansable de la Verdad<\/strong>.<\/p>\n\n\n\n<p id=\"4903\">La Masoner\u00eda, como depositaria de una tradici\u00f3n o filosof\u00eda perenne, trasciende a la modernidad de la cual no reniega.&nbsp;<strong>Sino que es tomada como prueba viva de la inmortalidad de los principios que nos rigen<\/strong>, invulnerables a todos los acontecimientos. La Masoner\u00eda mantiene viva la tradici\u00f3n o, en otras palabras,&nbsp;<strong><em>la Masoner\u00eda ser\u00e1 tal siempre que vaya en sinton\u00eda de esta Tradici\u00f3n Primordial<\/em><\/strong>. <\/p>\n\n\n\n<p id=\"4903\">Ayudado por el esclarecimiento de la v\u00eda inici\u00e1tica, el mas\u00f3n trabaja para alcanzar el prop\u00f3sito deseado de todos los hombres libres: <em>\u201cvislumbrar la Luz de la Verdad que cada individuo posee en su interior para alcanzar los estados superiores del Ser\u201d<\/em>.<\/p>\n\n\n\n<p id=\"1e6a\">Es nuestro deber entonces tambi\u00e9n como instituci\u00f3n, procurar ser parte de esta Tradici\u00f3n Primordial, ser fieles transmisores del legado de quienes nos antecedieron e intentar ser veh\u00edculos de una sabidur\u00eda que atraviesa generaciones completas por los siglos de los siglos.<\/p>\n\n\n\n<p><em>En el Oriente de La Plata, Buenos Aires, Argentina<\/em><br><br><\/p>\n","protected":false},"excerpt":{"rendered":"<p>La actualidad de nuestra sociedad y la cotidianeidad de las relaciones interpersonales, nos presentan discusiones que, a menudo, se desarrollan en t\u00e9rminos de argumentaci\u00f3n comparativa; destacando entre ellas los debates [&hellip;]<\/p>\n","protected":false},"author":2,"featured_media":247,"comment_status":"closed","ping_status":"","sticky":false,"template":"","format":"standard","meta":{"footnotes":""},"categories":[4,12,5,7,6],"tags":[],"class_list":["post-245","post","type-post","status-publish","format-standard","has-post-thumbnail","hentry","category-filosofia","category-historia","category-iniciatico","category-institucional","category-sociedad"],"_links":{"self":[{"href":"https:\/\/libertadcreadora.org\/blog\/wp-json\/wp\/v2\/posts\/245","targetHints":{"allow":["GET"]}}],"collection":[{"href":"https:\/\/libertadcreadora.org\/blog\/wp-json\/wp\/v2\/posts"}],"about":[{"href":"https:\/\/libertadcreadora.org\/blog\/wp-json\/wp\/v2\/types\/post"}],"author":[{"embeddable":true,"href":"https:\/\/libertadcreadora.org\/blog\/wp-json\/wp\/v2\/users\/2"}],"replies":[{"embeddable":true,"href":"https:\/\/libertadcreadora.org\/blog\/wp-json\/wp\/v2\/comments?post=245"}],"version-history":[{"count":13,"href":"https:\/\/libertadcreadora.org\/blog\/wp-json\/wp\/v2\/posts\/245\/revisions"}],"predecessor-version":[{"id":263,"href":"https:\/\/libertadcreadora.org\/blog\/wp-json\/wp\/v2\/posts\/245\/revisions\/263"}],"wp:featuredmedia":[{"embeddable":true,"href":"https:\/\/libertadcreadora.org\/blog\/wp-json\/wp\/v2\/media\/247"}],"wp:attachment":[{"href":"https:\/\/libertadcreadora.org\/blog\/wp-json\/wp\/v2\/media?parent=245"}],"wp:term":[{"taxonomy":"category","embeddable":true,"href":"https:\/\/libertadcreadora.org\/blog\/wp-json\/wp\/v2\/categories?post=245"},{"taxonomy":"post_tag","embeddable":true,"href":"https:\/\/libertadcreadora.org\/blog\/wp-json\/wp\/v2\/tags?post=245"}],"curies":[{"name":"wp","href":"https:\/\/api.w.org\/{rel}","templated":true}]}}