{"id":234,"date":"2025-12-21T14:35:43","date_gmt":"2025-12-21T14:35:43","guid":{"rendered":"https:\/\/libertadcreadora.org\/blog\/?p=234"},"modified":"2025-12-21T14:37:22","modified_gmt":"2025-12-21T14:37:22","slug":"solsticio-de-verano","status":"publish","type":"post","link":"https:\/\/libertadcreadora.org\/blog\/solsticio-de-verano\/","title":{"rendered":"Solsticio de Verano"},"content":{"rendered":"\n<hr class=\"wp-block-separator has-alpha-channel-opacity\"\/>\n\n\n\n<h2 class=\"wp-block-heading\"><em><strong>Si existe una condici\u00f3n ineludible en la que se encuentra el ser humano, es aquella que se conforma a partir de su pertenencia a un complejo entramado de ciclos naturales que intenta desentra\u00f1ar<\/strong>. <\/em><\/h2>\n\n\n\n<hr class=\"wp-block-separator has-alpha-channel-opacity\"\/>\n\n\n\n<p>Esto \u00faltimo, de hecho, es lo que lo distingue de todos los otros g\u00e9neros y especies de seres vivos, puesto que es el \u00fanico ser que a partir del ejercicio de su inteligencia y raz\u00f3n, intenta comprender tales fen\u00f3menos del mundo que lo circunda. Es indudable, por lo tanto, que es a partir de estas capacidades intelectuales que el hombre puede concebir lo infinito, lo trascendente, aquello que lo excede en su individualidad. Por medio de la captaci\u00f3n y el entendimiento del mundo sensible, puede acceder a conclusiones con valor metaf\u00edsico, en t\u00e9rminos abstractos.<br><br><\/p>\n\n\n\n<figure class=\"wp-block-pullquote\"><blockquote><p><em>\u201cTodo fluye y refluye; todo tiene sus per\u00edodos de avance y retroceso, todo asciende y desciende; todo se mueve como un p\u00e9ndulo; la medida de su movimiento hacia la derecha, es la misma que la de su movimiento hacia la izquierda; el ritmo es la compensaci\u00f3n.\u201d<\/em><\/p><cite><em>El Kybalion.<\/em><\/cite><\/blockquote><\/figure>\n\n\n\n<figure class=\"wp-block-image size-large\"><a href=\"https:\/\/libertadcreadora.org\/blog\/wp-content\/uploads\/2025\/12\/0KlLtxCRd1LcvIa8-.webp\"><img loading=\"lazy\" decoding=\"async\" width=\"1024\" height=\"701\" src=\"https:\/\/libertadcreadora.org\/blog\/wp-content\/uploads\/2025\/12\/0KlLtxCRd1LcvIa8--1024x701.webp\" alt=\"\" class=\"wp-image-235\" srcset=\"https:\/\/libertadcreadora.org\/blog\/wp-content\/uploads\/2025\/12\/0KlLtxCRd1LcvIa8--1024x701.webp 1024w, https:\/\/libertadcreadora.org\/blog\/wp-content\/uploads\/2025\/12\/0KlLtxCRd1LcvIa8--300x206.webp 300w, https:\/\/libertadcreadora.org\/blog\/wp-content\/uploads\/2025\/12\/0KlLtxCRd1LcvIa8--768x526.webp 768w, https:\/\/libertadcreadora.org\/blog\/wp-content\/uploads\/2025\/12\/0KlLtxCRd1LcvIa8-.webp 1400w\" sizes=\"auto, (max-width: 1024px) 100vw, 1024px\" \/><\/a><figcaption class=\"wp-element-caption\"><em>\u201cDiagrama de las estaciones\u201d \u2014 School Atlas of Astronomy, NLS Map Collections (1886)<\/em>.<\/figcaption><\/figure>\n\n\n\n<p>Aquellos primeros hombres que alzaron sus vistas a los cielos fueron quienes, primero intuitivamente, mas luego racionalmente, comprendieron el fen\u00f3meno astron\u00f3mico denominado&nbsp;<strong><em>solsticio<\/em><\/strong>, cuya etimolog\u00eda proviene de las expresiones \u201csol detenido\u201d o \u201csol est\u00e1tico\u201d. En efecto, nuestros antepasados notaron que en cierto momento del a\u00f1o, aparentemente, el Sol \u201cdeten\u00eda\u201d su marcha en puntos particulares, para luego seguir con su movimiento, proceso este que se repet\u00eda arm\u00f3nica y c\u00edclicamente con el paso del tiempo.<\/p>\n\n\n\n<blockquote class=\"wp-block-quote is-layout-flow wp-block-quote-is-layout-flow\">\n<p id=\"40a3\">(\u2026) aunque el verano sea considerado generalmente como una estaci\u00f3n alegre y el invierno como una triste, por el hecho de que el primero representa en cierto modo el triunfo de la luz y el segundo el de la oscuridad, los dos solsticios correspondientes tienen sin embargo, en realidad, un car\u00e1cter opuesto al indicado.<\/p>\n<\/blockquote>\n\n\n\n<p id=\"aae9\"><strong>Este no solo fue el primer proceso sistem\u00e1tico y ordenado de estudio de la naturaleza del que se tiene registro<\/strong>, a partir del abordaje de una posible explicaci\u00f3n de las leyes del Universo, sino que tambi\u00e9n constituy\u00f3 una forma de organizaci\u00f3n de la vida de los grupos humanos y de sus actividades. El Sol, cuya fuerza y energ\u00eda vivificante manifestaba todo su esplendor en el verano, fue aprehendido por las comunidades humanas en t\u00e9rminos m\u00edticos y arquet\u00edpicos, terminando por atribuirle un car\u00e1cter divino que ten\u00eda directa incidencia en el desarrollo de estas.<strong>\u00a0As\u00ed, el verano termin\u00f3 por constituirse en la estaci\u00f3n prol\u00edfica y fecunda, signada por la abundancia y el florecimiento<\/strong>, en tanto que el invierno fue comprendido como la \u00e9poca negativa, de recogimiento y dificultades que mermaban la abundancia anterior. Estas primeras formas de culto a la naturaleza, pr\u00e1cticamente terminaron por fundirse en una comuni\u00f3n indisoluble con los hechos externos que eran tomados como base de su manifestaci\u00f3n, encontrando los hombres una participaci\u00f3n intr\u00ednseca en la obra de la divinidad.<\/p>\n\n\n<div class=\"wp-block-image\">\n<figure class=\"aligncenter size-large\"><a href=\"https:\/\/libertadcreadora.org\/blog\/wp-content\/uploads\/2025\/12\/0_P48nmHsuTAHhjuB.webp\"><img loading=\"lazy\" decoding=\"async\" width=\"744\" height=\"1024\" src=\"https:\/\/libertadcreadora.org\/blog\/wp-content\/uploads\/2025\/12\/0_P48nmHsuTAHhjuB-744x1024.webp\" alt=\"\" class=\"wp-image-236\" srcset=\"https:\/\/libertadcreadora.org\/blog\/wp-content\/uploads\/2025\/12\/0_P48nmHsuTAHhjuB-744x1024.webp 744w, https:\/\/libertadcreadora.org\/blog\/wp-content\/uploads\/2025\/12\/0_P48nmHsuTAHhjuB-218x300.webp 218w, https:\/\/libertadcreadora.org\/blog\/wp-content\/uploads\/2025\/12\/0_P48nmHsuTAHhjuB.webp 750w\" sizes=\"auto, (max-width: 744px) 100vw, 744px\" \/><\/a><figcaption class=\"wp-element-caption\"><em>\u201cSummer\u201d \u2014 [Imagen coloreada] John Fairburn (1796), inclu\u00edda en la obra \u201cMasque of Days\u201d de Walter Crane (1901). Texto: Fragmento del poema \u201cThe Sheep-Washing\u201d \u2014 James Thomson (1700\u20131748)<\/em><\/figcaption><\/figure>\n<\/div>\n\n\n<figure class=\"wp-block-pullquote\"><blockquote><p><em>\u201c\u00c9l (Cristo, nacido en el solsticio de invierno) conviene que crezca, y yo que disminuya\u201d<\/em><\/p><cite>\u0086<em>(Juan 3:30 \u2014 RVL 1960)<\/em><\/cite><\/blockquote><\/figure>\n\n\n\n<p id=\"aae9\"><strong>Sin embargo, aunque el verano sea considerado generalmente como una estaci\u00f3n alegre y el invierno como una triste<\/strong>, por el hecho de que el primero representa en cierto modo el triunfo de la luz y el segundo el de la oscuridad, los dos solsticios correspondientes tienen sin embargo, en realidad, un car\u00e1cter opuesto al indicado. Puede parecer que hay en ello una paradoja extra\u00f1a, mas es muy sencillo comprenderlo en clave del conocimiento sobre los datos tradicionales acerca del curso del ciclo anual. En efecto, lo que ha alcanzado su m\u00e1ximo no puede ya sino decrecer, y lo que ha llegado a su m\u00ednimo no puede, al contrario, sino comenzar a crecer a continuaci\u00f3n. Por eso el solsticio de verano se\u00f1ala el comienzo de la mitad descendente del a\u00f1o, y el solsticio de invierno, inversamente, el de su mitad ascendente; y esto explica tambi\u00e9n, desde el punto de vista de su significaci\u00f3n c\u00f3smica, estas palabras de San Juan Bautista, cuyo nacimiento coincide con el solsticio estival:\u00a0<strong><em>\u201c\u00c9l (Cristo, nacido en el solsticio de invierno) conviene que crezca, y yo que disminuya\u201d.<\/em><\/strong><a href=\"https:\/\/libertadcreadora.medium.com\/?source=post_page---byline--a5927f73f21b---------------------------------------\"><\/a><\/p>\n\n\n\n<p>En la tradici\u00f3n hind\u00fa, la fase ascendente se pone en relaci\u00f3n con el\u00a0<em>deva-y\u00e2na<\/em>, y la fase descendente con el\u00a0<em>pitr-y\u00e2na<\/em>.<strong>\u00a0Por consiguiente, en el Zod\u00edaco, el signo de C\u00e1ncer, correspondiente al solsticio de verano (en el hemisferio norte), es la \u201cpuerta de los hombres\u201d, que da acceso al\u00a0<em>pitr-y\u00e2na<\/em>, y el signo de Capricornio, correspondiente al solsticio de invierno (en el hemisferio norte), es la \u201cpuerta de los dioses\u201d, que da acceso al\u00a0<em>deva-y\u00e2na<\/em><\/strong><em>.<\/em>\u00a0En realidad, el per\u00edodo \u201calegre\u201d, es decir, ben\u00e9fico y favorable, es la mitad ascendente del ciclo anual, y su per\u00edodo \u201ctriste\u201d, es decir, mal\u00e9fico o desfavorable, es su mitad descendente; y el mismo car\u00e1cter pertenece, naturalmente, a la puerta solsticial que abre cada uno de los dos per\u00edodos en que se encuentra dividido el a\u00f1o por el sentido mismo del curso solar.<\/p>\n\n\n<div class=\"wp-block-image\">\n<figure class=\"aligncenter size-medium\"><a href=\"https:\/\/libertadcreadora.org\/blog\/wp-content\/uploads\/2025\/12\/0ow2gy9f9yBUHMwSF.webp\"><img loading=\"lazy\" decoding=\"async\" width=\"300\" height=\"300\" src=\"https:\/\/libertadcreadora.org\/blog\/wp-content\/uploads\/2025\/12\/0ow2gy9f9yBUHMwSF-300x300.webp\" alt=\"\" class=\"wp-image-237\" srcset=\"https:\/\/libertadcreadora.org\/blog\/wp-content\/uploads\/2025\/12\/0ow2gy9f9yBUHMwSF-300x300.webp 300w, https:\/\/libertadcreadora.org\/blog\/wp-content\/uploads\/2025\/12\/0ow2gy9f9yBUHMwSF-150x150.webp 150w, https:\/\/libertadcreadora.org\/blog\/wp-content\/uploads\/2025\/12\/0ow2gy9f9yBUHMwSF-768x768.webp 768w, https:\/\/libertadcreadora.org\/blog\/wp-content\/uploads\/2025\/12\/0ow2gy9f9yBUHMwSF.webp 1024w\" sizes=\"auto, (max-width: 300px) 100vw, 300px\" \/><\/a><figcaption class=\"wp-element-caption\"><em>C\u00edrculo con un punto en el centro, comprendido entre dos l\u00edneas tangentes.<\/em><\/figcaption><\/figure>\n<\/div>\n\n\n<p id=\"4898\"><strong>Sabido es, por lo dem\u00e1s, que en el Cristianismo las fiestas de los dos San Juan \u2014 Baustista y Evangelista \u2014 est\u00e1n en relaci\u00f3n directa con los dos solsticios.<\/strong>&nbsp;En relaci\u00f3n con estos y su simbolismo solsticial, es interesante tambi\u00e9n considerar un s\u00edmbolo de la Masoner\u00eda, que consiste en&nbsp;<strong>un c\u00edrculo con un punto en el centro, comprendido entre dos l\u00edneas tangentes paralelas<\/strong>, las cuales se dice que representan a los dos San Juan. El c\u00edrculo es aqu\u00ed la figura del ciclo anual, y su significaci\u00f3n solar se hace, por otra parte, m\u00e1s manifiesta por la presencia del punto en el centro, pues la misma figura es a la vez el signo astrol\u00f3gico del sol; y las dos rectas paralelas son las tangentes a ese c\u00edrculo en los dos puntos solsticiales, se\u00f1alando as\u00ed su car\u00e1cter de \u201cpuntos l\u00edmite\u201d (<em>non plus ultra)<\/em>, ya que estos puntos son, en efecto, como los l\u00edmites que el sol no puede jam\u00e1s sobrepasar en el curso de su marcha; y porque esas l\u00edneas corresponden as\u00ed a los dos solsticios puede decirse tambi\u00e9n que representan por eso mismo a los dos San Juan.<\/p>\n\n\n\n<p id=\"1cc3\">La Masoner\u00eda toda celebra hoy, tal como en sus inicios, el solsticio de verano (en nuestro hemisferio), y con ello reafirma que por siempre en sus Logias convivir\u00e1n todos los hombres libres, quienes habiendo vislumbrado que en las causas de los fen\u00f3menos naturales se encuentran inscriptas las m\u00e1s elementales verdades de nuestra existencia humana, trabajan d\u00eda a d\u00eda por comprenderlas.<strong>&nbsp;Solo as\u00ed, la Orden se conforma como aquel Centro de Uni\u00f3n, sin el cual los hombres hubiesen permanecido perpetuamente distanciados<\/strong>.<\/p>\n\n\n\n<p><em>En el Oriente de La Plata, Buenos Aires, Argentina.<\/em><\/p>\n","protected":false},"excerpt":{"rendered":"<p>Si existe una condici\u00f3n ineludible en la que se encuentra el ser humano, es aquella que se conforma a partir de su pertenencia a un complejo entramado de ciclos naturales [&hellip;]<\/p>\n","protected":false},"author":2,"featured_media":235,"comment_status":"closed","ping_status":"","sticky":false,"template":"","format":"standard","meta":{"footnotes":""},"categories":[4,12,5],"tags":[],"class_list":["post-234","post","type-post","status-publish","format-standard","has-post-thumbnail","hentry","category-filosofia","category-historia","category-iniciatico"],"_links":{"self":[{"href":"https:\/\/libertadcreadora.org\/blog\/wp-json\/wp\/v2\/posts\/234","targetHints":{"allow":["GET"]}}],"collection":[{"href":"https:\/\/libertadcreadora.org\/blog\/wp-json\/wp\/v2\/posts"}],"about":[{"href":"https:\/\/libertadcreadora.org\/blog\/wp-json\/wp\/v2\/types\/post"}],"author":[{"embeddable":true,"href":"https:\/\/libertadcreadora.org\/blog\/wp-json\/wp\/v2\/users\/2"}],"replies":[{"embeddable":true,"href":"https:\/\/libertadcreadora.org\/blog\/wp-json\/wp\/v2\/comments?post=234"}],"version-history":[{"count":6,"href":"https:\/\/libertadcreadora.org\/blog\/wp-json\/wp\/v2\/posts\/234\/revisions"}],"predecessor-version":[{"id":243,"href":"https:\/\/libertadcreadora.org\/blog\/wp-json\/wp\/v2\/posts\/234\/revisions\/243"}],"wp:featuredmedia":[{"embeddable":true,"href":"https:\/\/libertadcreadora.org\/blog\/wp-json\/wp\/v2\/media\/235"}],"wp:attachment":[{"href":"https:\/\/libertadcreadora.org\/blog\/wp-json\/wp\/v2\/media?parent=234"}],"wp:term":[{"taxonomy":"category","embeddable":true,"href":"https:\/\/libertadcreadora.org\/blog\/wp-json\/wp\/v2\/categories?post=234"},{"taxonomy":"post_tag","embeddable":true,"href":"https:\/\/libertadcreadora.org\/blog\/wp-json\/wp\/v2\/tags?post=234"}],"curies":[{"name":"wp","href":"https:\/\/api.w.org\/{rel}","templated":true}]}}